{"id":733,"date":"2023-01-09T10:26:49","date_gmt":"2023-01-09T10:26:49","guid":{"rendered":"https:\/\/noucartallers.es\/?p=733"},"modified":"2023-01-09T10:26:49","modified_gmt":"2023-01-09T10:26:49","slug":"lo-que-debe-saber-sobre-la-revision-itv-en-polinya","status":"publish","type":"post","link":"https:\/\/noucartallers.es\/ca\/lo-que-debe-saber-sobre-la-revision-itv-en-polinya","title":{"rendered":"El que ha de saber sobre la revisi\u00f3 ITV a Poliny\u00e0"},"content":{"rendered":"<p style=\"text-align: justify;\">La revisi\u00f3 ITV \u00e9s l&#039;avaluaci\u00f3 del vehicle per a la circulaci\u00f3 i les inicials signifiquen Inspecci\u00f3 T\u00e8cnica de Vehicles. Per\u00f2\u2026. Per qu\u00e8 en necessites una <a href=\"https:\/\/noucartallers.es\/ca\/servicios\/\"><strong>revisi\u00f3 ITV a <\/strong><strong>Poliny\u00e0<\/strong><\/a>? Si posse\u00efu o esteu registrant un autom\u00f2bil a Poliny\u00e0, una inspecci\u00f3 i un certificat d&#039;ITV v\u00e0lids s\u00f3n un requisit legal per conduir el vehicle a la via p\u00fablica. Si no en t\u00e9 un, podria ser detingut, multat i possiblement descobrir que la seva asseguran\u00e7a no \u00e9s v\u00e0lida. Per aix\u00f2, \u00e9s important assegurar-se que el vehicle estigui llest i en el millor estat per a la <strong>revisi\u00f3 ITV a <\/strong><strong>Poliny\u00e0. <\/strong><\/p>\n<p style=\"text-align: justify;\">Quan necessites treure la ITV del teu cotxe? En circumst\u00e0ncies normals, podeu concertar la vostra cita fins a 30 dies abans de la data de venciment sense perdre temps. No obstant aix\u00f2, hi ha algunes mesures noves implementades a causa de Covid-19.<\/p>\n<p style=\"text-align: justify;\">Podeu reservar la cita en l\u00ednia. Alternativament, podeu trucar a la l\u00ednia principal de cites.<\/p>\n<p style=\"text-align: justify;\">Despr\u00e9s de superar amb \u00e8xit la <strong>revisi\u00f3 ITV a <\/strong><strong>Poliny\u00e0 <\/strong>portar\u00e0 un adhesiu amb la ITV al parabrisa. Aix\u00f2 indica la data de la propera cita i tamb\u00e9 \u00e9s una verificaci\u00f3 r\u00e0pida per a les autoritats. Tingueu en compte que el cost de la ITV dep\u00e8n del tipus i mida del vehicle.<\/p>\n<p><img loading=\"lazy\" decoding=\"async\" class=\"aligncenter wp-image-734 size-large\" src=\"https:\/\/noucartallers.es\/wp-content\/uploads\/2023\/01\/mercedes-benz-841465_1920-1-1024x683.jpg\" alt=\"\" width=\"1024\" height=\"683\" srcset=\"https:\/\/noucartallers.es\/wp-content\/uploads\/2023\/01\/mercedes-benz-841465_1920-1-1024x683.jpg 1024w, https:\/\/noucartallers.es\/wp-content\/uploads\/2023\/01\/mercedes-benz-841465_1920-1-300x200.jpg 300w, https:\/\/noucartallers.es\/wp-content\/uploads\/2023\/01\/mercedes-benz-841465_1920-1-768x512.jpg 768w, https:\/\/noucartallers.es\/wp-content\/uploads\/2023\/01\/mercedes-benz-841465_1920-1-1536x1024.jpg 1536w, https:\/\/noucartallers.es\/wp-content\/uploads\/2023\/01\/mercedes-benz-841465_1920-1.jpg 1920w\" sizes=\"auto, (max-width: 1024px) 100vw, 1024px\" \/><\/p>\n<h2 style=\"text-align: justify;\">Preparant el teu cotxe per a la <strong>revisi\u00f3 ITV a <\/strong><strong>Poliny\u00e0 <\/strong><\/h2>\n<p style=\"text-align: justify;\">T\u00e9 molt de sentit fer unes senzilles comprovacions abans de portar el cotxe a la seva ITV. Per exemple, podries anar a un mec\u00e0nic de confian\u00e7a i demanar-li que facin una <strong>revisi\u00f3 ITV a <\/strong><strong>Poliny\u00e0 <\/strong>com a preparaci\u00f3 pr\u00e8via per a aquest moment.<\/p>\n<p style=\"text-align: justify;\">Els professionals sabran exactament qu\u00e8 cercar i s&#039;encarregaran de tot el que calgui. A t\u00edtol orientatiu, la <strong>revisi\u00f3 ITV a <\/strong><strong>Poliny\u00e0 <\/strong>contempla, entre altres coses: carrosseria, xass\u00eds, parabrises, motor (incl\u00f2s el nivell d&#039;oli) comprova que els cinturons de seguretat funcionen correctament (cordeu-vos els cinturons de seguretat del darrere si els t\u00e9) no s&#039;enc\u00e9n cap llum d&#039;advert\u00e8ncia al tauler, fars, intermitents, que els llums de fre estan en una sola pe\u00e7a i funcionen correctament, nivells d&#039;emissions, funci\u00f3 de frens, suspensi\u00f3, direcci\u00f3, condici\u00f3 dels pneum\u00e0tics.<\/p>\n<p style=\"text-align: justify;\">\u00a0Un punt important a la <strong>revisi\u00f3 ITV a <\/strong><strong>Poliny\u00e0<\/strong>: si la ITV ha caducat, \u00e9s il\u00b7legal conduir l&#039;autom\u00f2bil, fins i tot si s&#039;ha reservat una cita, excepte entre la direcci\u00f3 de casa i l&#039;estaci\u00f3 d&#039;ITV m\u00e9s propera. \u00c9s la vostra obligaci\u00f3 com a propietari d&#039;un vehicle assegurar-vos que el vostre vehicle tingui sempre la ITV en vigor.<\/p>\n<p style=\"text-align: justify;\">Si el vostre vehicle no passa la prova, t\u00e9 fins a 60 dies per solucionar el problema i tornar el vehicle a la ITV. Temps en qu\u00e8 nom\u00e9s es pot portar el vehicle a un taller i tornar a la ITV.<\/p>","protected":false},"excerpt":{"rendered":"<p>La revisi\u00f3 ITV \u00e9s l&#039;avaluaci\u00f3 del vehicle per a la circulaci\u00f3 i les inicials signifiquen Inspecci\u00f3 T\u00e8cnica de Vehicles. Per\u00f2\u2026. Per qu\u00e8 necessites una revisi\u00f3 ITV a Poliny\u00e0? Si posse\u00efu o esteu registrant un autom\u00f2bil a Poliny\u00e0, una inspecci\u00f3 i un certificat d&#039;ITV v\u00e0lids s\u00f3n un requisit legal per conduir el vehicle a la via p\u00fablica. Si no<\/p>\n<div class=\"h10\"><\/div>\n<p><a class=\"more-link1\" href=\"https:\/\/noucartallers.es\/ca\/lo-que-debe-saber-sobre-la-revision-itv-en-polinya\">Read more<\/a><\/p>","protected":false},"author":1,"featured_media":736,"comment_status":"closed","ping_status":"closed","sticky":false,"template":"","format":"standard","meta":{"footnotes":""},"categories":[1],"tags":[16],"class_list":["post-733","post","type-post","status-publish","format-standard","has-post-thumbnail","hentry","category-sin-categorizar","tag-revision-itv-en-polinya"],"yoast_head":"<!-- This site is optimized with the Yoast SEO plugin v26.7 - https:\/\/yoast.com\/wordpress\/plugins\/seo\/ -->\n<title>Lo que debe saber sobre la revisi\u00f3n ITV en Poliny\u00e0 - Nou Car Tallers<\/title>\n<meta name=\"robots\" content=\"index, follow, max-snippet:-1, max-image-preview:large, max-video-preview:-1\" \/>\n<link rel=\"canonical\" href=\"https:\/\/noucartallers.es\/ca\/lo-que-debe-saber-sobre-la-revision-itv-en-polinya\/\" \/>\n<meta property=\"og:locale\" content=\"ca_ES\" \/>\n<meta property=\"og:type\" content=\"article\" \/>\n<meta property=\"og:title\" content=\"Lo que debe saber sobre la revisi\u00f3n ITV en Poliny\u00e0 - Nou Car Tallers\" \/>\n<meta property=\"og:description\" content=\"La revisi\u00f3n ITV es la evaluaci\u00f3n de su veh\u00edculo para la circulaci\u00f3n y las iniciales significan Inspecci\u00f3n T\u00e9cnica de Veh\u00edculos. Pero\u2026. \u00bfPor qu\u00e9 necesitas una revisi\u00f3n ITV en Poliny\u00e0? Si posee o est\u00e1 registrando un autom\u00f3vil en Poliny\u00e0, una inspecci\u00f3n y un certificado de ITV v\u00e1lidos son un requisito legal para conducir el veh\u00edculo en la v\u00eda p\u00fablica. Si noRead more\" \/>\n<meta property=\"og:url\" content=\"https:\/\/noucartallers.es\/ca\/lo-que-debe-saber-sobre-la-revision-itv-en-polinya\/\" \/>\n<meta property=\"og:site_name\" content=\"Nou Car Tallers\" \/>\n<meta property=\"article:published_time\" content=\"2023-01-09T10:26:49+00:00\" \/>\n<meta property=\"og:image\" content=\"https:\/\/noucartallers.es\/wp-content\/uploads\/2023\/01\/speedometer-1249610_1920.jpg\" \/>\n\t<meta property=\"og:image:width\" content=\"1920\" \/>\n\t<meta property=\"og:image:height\" content=\"1276\" \/>\n\t<meta property=\"og:image:type\" content=\"image\/jpeg\" \/>\n<meta name=\"author\" content=\"carlos\" \/>\n<meta name=\"twitter:card\" content=\"summary_large_image\" \/>\n<meta name=\"twitter:label1\" content=\"Escrit per\" \/>\n\t<meta name=\"twitter:data1\" content=\"carlos\" \/>\n\t<meta name=\"twitter:label2\" content=\"Temps estimat de lectura\" \/>\n\t<meta name=\"twitter:data2\" content=\"2 minuts\" \/>\n<script type=\"application\/ld+json\" class=\"yoast-schema-graph\">{\"@context\":\"https:\/\/schema.org\",\"@graph\":[{\"@type\":\"Article\",\"@id\":\"https:\/\/noucartallers.es\/lo-que-debe-saber-sobre-la-revision-itv-en-polinya#article\",\"isPartOf\":{\"@id\":\"https:\/\/noucartallers.es\/lo-que-debe-saber-sobre-la-revision-itv-en-polinya\"},\"author\":{\"name\":\"carlos\",\"@id\":\"https:\/\/noucartallers.es\/#\/schema\/person\/1bcfff380b3b187b6cee5fe0ffe9dda3\"},\"headline\":\"Lo que debe saber sobre la revisi\u00f3n ITV en Poliny\u00e0\",\"datePublished\":\"2023-01-09T10:26:49+00:00\",\"mainEntityOfPage\":{\"@id\":\"https:\/\/noucartallers.es\/lo-que-debe-saber-sobre-la-revision-itv-en-polinya\"},\"wordCount\":504,\"image\":{\"@id\":\"https:\/\/noucartallers.es\/lo-que-debe-saber-sobre-la-revision-itv-en-polinya#primaryimage\"},\"thumbnailUrl\":\"https:\/\/noucartallers.es\/wp-content\/uploads\/2023\/01\/speedometer-1249610_1920.jpg\",\"keywords\":[\"revisi\u00f3n ITV en Poliny\u00e0\"],\"articleSection\":[\"Sin categorizar\"],\"inLanguage\":\"ca\"},{\"@type\":\"WebPage\",\"@id\":\"https:\/\/noucartallers.es\/lo-que-debe-saber-sobre-la-revision-itv-en-polinya\",\"url\":\"https:\/\/noucartallers.es\/lo-que-debe-saber-sobre-la-revision-itv-en-polinya\",\"name\":\"Lo que debe saber sobre la revisi\u00f3n ITV en Poliny\u00e0 - Nou Car Tallers\",\"isPartOf\":{\"@id\":\"https:\/\/noucartallers.es\/#website\"},\"primaryImageOfPage\":{\"@id\":\"https:\/\/noucartallers.es\/lo-que-debe-saber-sobre-la-revision-itv-en-polinya#primaryimage\"},\"image\":{\"@id\":\"https:\/\/noucartallers.es\/lo-que-debe-saber-sobre-la-revision-itv-en-polinya#primaryimage\"},\"thumbnailUrl\":\"https:\/\/noucartallers.es\/wp-content\/uploads\/2023\/01\/speedometer-1249610_1920.jpg\",\"datePublished\":\"2023-01-09T10:26:49+00:00\",\"author\":{\"@id\":\"https:\/\/noucartallers.es\/#\/schema\/person\/1bcfff380b3b187b6cee5fe0ffe9dda3\"},\"breadcrumb\":{\"@id\":\"https:\/\/noucartallers.es\/lo-que-debe-saber-sobre-la-revision-itv-en-polinya#breadcrumb\"},\"inLanguage\":\"ca\",\"potentialAction\":[{\"@type\":\"ReadAction\",\"target\":[\"https:\/\/noucartallers.es\/lo-que-debe-saber-sobre-la-revision-itv-en-polinya\"]}]},{\"@type\":\"ImageObject\",\"inLanguage\":\"ca\",\"@id\":\"https:\/\/noucartallers.es\/lo-que-debe-saber-sobre-la-revision-itv-en-polinya#primaryimage\",\"url\":\"https:\/\/noucartallers.es\/wp-content\/uploads\/2023\/01\/speedometer-1249610_1920.jpg\",\"contentUrl\":\"https:\/\/noucartallers.es\/wp-content\/uploads\/2023\/01\/speedometer-1249610_1920.jpg\",\"width\":1920,\"height\":1276},{\"@type\":\"BreadcrumbList\",\"@id\":\"https:\/\/noucartallers.es\/lo-que-debe-saber-sobre-la-revision-itv-en-polinya#breadcrumb\",\"itemListElement\":[{\"@type\":\"ListItem\",\"position\":1,\"name\":\"Portada\",\"item\":\"https:\/\/noucartallers.es\/\"},{\"@type\":\"ListItem\",\"position\":2,\"name\":\"Lo que debe saber sobre la revisi\u00f3n ITV en Poliny\u00e0\"}]},{\"@type\":\"WebSite\",\"@id\":\"https:\/\/noucartallers.es\/#website\",\"url\":\"https:\/\/noucartallers.es\/\",\"name\":\"Nou Car Tallers\",\"description\":\"Servicio de mantenimiento y reparaciones para todo tipo de veh\u00edculos\",\"potentialAction\":[{\"@type\":\"SearchAction\",\"target\":{\"@type\":\"EntryPoint\",\"urlTemplate\":\"https:\/\/noucartallers.es\/?s={search_term_string}\"},\"query-input\":{\"@type\":\"PropertyValueSpecification\",\"valueRequired\":true,\"valueName\":\"search_term_string\"}}],\"inLanguage\":\"ca\"},{\"@type\":\"Person\",\"@id\":\"https:\/\/noucartallers.es\/#\/schema\/person\/1bcfff380b3b187b6cee5fe0ffe9dda3\",\"name\":\"carlos\",\"image\":{\"@type\":\"ImageObject\",\"inLanguage\":\"ca\",\"@id\":\"https:\/\/noucartallers.es\/#\/schema\/person\/image\/\",\"url\":\"https:\/\/secure.gravatar.com\/avatar\/0fa48abdde54a2d78bb802e3b0c116e4be45f656c6b5277452b4ee1771cc79b1?s=96&d=mm&r=g\",\"contentUrl\":\"https:\/\/secure.gravatar.com\/avatar\/0fa48abdde54a2d78bb802e3b0c116e4be45f656c6b5277452b4ee1771cc79b1?s=96&d=mm&r=g\",\"caption\":\"carlos\"},\"sameAs\":[\"https:\/\/noucartallers.desarrollowebsonline.es\"],\"url\":\"https:\/\/noucartallers.es\/ca\/author\/carlos\"}]}<\/script>\n<!-- \/ Yoast SEO plugin. -->","yoast_head_json":{"title":"Lo que debe saber sobre la revisi\u00f3n ITV en Poliny\u00e0 - Nou Car Tallers","robots":{"index":"index","follow":"follow","max-snippet":"max-snippet:-1","max-image-preview":"max-image-preview:large","max-video-preview":"max-video-preview:-1"},"canonical":"https:\/\/noucartallers.es\/ca\/lo-que-debe-saber-sobre-la-revision-itv-en-polinya\/","og_locale":"ca_ES","og_type":"article","og_title":"Lo que debe saber sobre la revisi\u00f3n ITV en Poliny\u00e0 - Nou Car Tallers","og_description":"La revisi\u00f3n ITV es la evaluaci\u00f3n de su veh\u00edculo para la circulaci\u00f3n y las iniciales significan Inspecci\u00f3n T\u00e9cnica de Veh\u00edculos. Pero\u2026. \u00bfPor qu\u00e9 necesitas una revisi\u00f3n ITV en Poliny\u00e0? Si posee o est\u00e1 registrando un autom\u00f3vil en Poliny\u00e0, una inspecci\u00f3n y un certificado de ITV v\u00e1lidos son un requisito legal para conducir el veh\u00edculo en la v\u00eda p\u00fablica. Si noRead more","og_url":"https:\/\/noucartallers.es\/ca\/lo-que-debe-saber-sobre-la-revision-itv-en-polinya\/","og_site_name":"Nou Car Tallers","article_published_time":"2023-01-09T10:26:49+00:00","og_image":[{"width":1920,"height":1276,"url":"https:\/\/noucartallers.es\/wp-content\/uploads\/2023\/01\/speedometer-1249610_1920.jpg","type":"image\/jpeg"}],"author":"carlos","twitter_card":"summary_large_image","twitter_misc":{"Escrit per":"carlos","Temps estimat de lectura":"2 minuts"},"schema":{"@context":"https:\/\/schema.org","@graph":[{"@type":"Article","@id":"https:\/\/noucartallers.es\/lo-que-debe-saber-sobre-la-revision-itv-en-polinya#article","isPartOf":{"@id":"https:\/\/noucartallers.es\/lo-que-debe-saber-sobre-la-revision-itv-en-polinya"},"author":{"name":"carlos","@id":"https:\/\/noucartallers.es\/#\/schema\/person\/1bcfff380b3b187b6cee5fe0ffe9dda3"},"headline":"Lo que debe saber sobre la revisi\u00f3n ITV en Poliny\u00e0","datePublished":"2023-01-09T10:26:49+00:00","mainEntityOfPage":{"@id":"https:\/\/noucartallers.es\/lo-que-debe-saber-sobre-la-revision-itv-en-polinya"},"wordCount":504,"image":{"@id":"https:\/\/noucartallers.es\/lo-que-debe-saber-sobre-la-revision-itv-en-polinya#primaryimage"},"thumbnailUrl":"https:\/\/noucartallers.es\/wp-content\/uploads\/2023\/01\/speedometer-1249610_1920.jpg","keywords":["revisi\u00f3n ITV en Poliny\u00e0"],"articleSection":["Sin categorizar"],"inLanguage":"ca"},{"@type":"WebPage","@id":"https:\/\/noucartallers.es\/lo-que-debe-saber-sobre-la-revision-itv-en-polinya","url":"https:\/\/noucartallers.es\/lo-que-debe-saber-sobre-la-revision-itv-en-polinya","name":"Lo que debe saber sobre la revisi\u00f3n ITV en Poliny\u00e0 - Nou Car Tallers","isPartOf":{"@id":"https:\/\/noucartallers.es\/#website"},"primaryImageOfPage":{"@id":"https:\/\/noucartallers.es\/lo-que-debe-saber-sobre-la-revision-itv-en-polinya#primaryimage"},"image":{"@id":"https:\/\/noucartallers.es\/lo-que-debe-saber-sobre-la-revision-itv-en-polinya#primaryimage"},"thumbnailUrl":"https:\/\/noucartallers.es\/wp-content\/uploads\/2023\/01\/speedometer-1249610_1920.jpg","datePublished":"2023-01-09T10:26:49+00:00","author":{"@id":"https:\/\/noucartallers.es\/#\/schema\/person\/1bcfff380b3b187b6cee5fe0ffe9dda3"},"breadcrumb":{"@id":"https:\/\/noucartallers.es\/lo-que-debe-saber-sobre-la-revision-itv-en-polinya#breadcrumb"},"inLanguage":"ca","potentialAction":[{"@type":"ReadAction","target":["https:\/\/noucartallers.es\/lo-que-debe-saber-sobre-la-revision-itv-en-polinya"]}]},{"@type":"ImageObject","inLanguage":"ca","@id":"https:\/\/noucartallers.es\/lo-que-debe-saber-sobre-la-revision-itv-en-polinya#primaryimage","url":"https:\/\/noucartallers.es\/wp-content\/uploads\/2023\/01\/speedometer-1249610_1920.jpg","contentUrl":"https:\/\/noucartallers.es\/wp-content\/uploads\/2023\/01\/speedometer-1249610_1920.jpg","width":1920,"height":1276},{"@type":"BreadcrumbList","@id":"https:\/\/noucartallers.es\/lo-que-debe-saber-sobre-la-revision-itv-en-polinya#breadcrumb","itemListElement":[{"@type":"ListItem","position":1,"name":"Portada","item":"https:\/\/noucartallers.es\/"},{"@type":"ListItem","position":2,"name":"Lo que debe saber sobre la revisi\u00f3n ITV en Poliny\u00e0"}]},{"@type":"WebSite","@id":"https:\/\/noucartallers.es\/#website","url":"https:\/\/noucartallers.es\/","name":"Nou Car Tallers","description":"Servicio de mantenimiento y reparaciones para todo tipo de veh\u00edculos","potentialAction":[{"@type":"SearchAction","target":{"@type":"EntryPoint","urlTemplate":"https:\/\/noucartallers.es\/?s={search_term_string}"},"query-input":{"@type":"PropertyValueSpecification","valueRequired":true,"valueName":"search_term_string"}}],"inLanguage":"ca"},{"@type":"Person","@id":"https:\/\/noucartallers.es\/#\/schema\/person\/1bcfff380b3b187b6cee5fe0ffe9dda3","name":"carlos","image":{"@type":"ImageObject","inLanguage":"ca","@id":"https:\/\/noucartallers.es\/#\/schema\/person\/image\/","url":"https:\/\/secure.gravatar.com\/avatar\/0fa48abdde54a2d78bb802e3b0c116e4be45f656c6b5277452b4ee1771cc79b1?s=96&d=mm&r=g","contentUrl":"https:\/\/secure.gravatar.com\/avatar\/0fa48abdde54a2d78bb802e3b0c116e4be45f656c6b5277452b4ee1771cc79b1?s=96&d=mm&r=g","caption":"carlos"},"sameAs":["https:\/\/noucartallers.desarrollowebsonline.es"],"url":"https:\/\/noucartallers.es\/ca\/author\/carlos"}]}},"_links":{"self":[{"href":"https:\/\/noucartallers.es\/ca\/wp-json\/wp\/v2\/posts\/733","targetHints":{"allow":["GET"]}}],"collection":[{"href":"https:\/\/noucartallers.es\/ca\/wp-json\/wp\/v2\/posts"}],"about":[{"href":"https:\/\/noucartallers.es\/ca\/wp-json\/wp\/v2\/types\/post"}],"author":[{"embeddable":true,"href":"https:\/\/noucartallers.es\/ca\/wp-json\/wp\/v2\/users\/1"}],"replies":[{"embeddable":true,"href":"https:\/\/noucartallers.es\/ca\/wp-json\/wp\/v2\/comments?post=733"}],"version-history":[{"count":2,"href":"https:\/\/noucartallers.es\/ca\/wp-json\/wp\/v2\/posts\/733\/revisions"}],"predecessor-version":[{"id":739,"href":"https:\/\/noucartallers.es\/ca\/wp-json\/wp\/v2\/posts\/733\/revisions\/739"}],"wp:featuredmedia":[{"embeddable":true,"href":"https:\/\/noucartallers.es\/ca\/wp-json\/wp\/v2\/media\/736"}],"wp:attachment":[{"href":"https:\/\/noucartallers.es\/ca\/wp-json\/wp\/v2\/media?parent=733"}],"wp:term":[{"taxonomy":"category","embeddable":true,"href":"https:\/\/noucartallers.es\/ca\/wp-json\/wp\/v2\/categories?post=733"},{"taxonomy":"post_tag","embeddable":true,"href":"https:\/\/noucartallers.es\/ca\/wp-json\/wp\/v2\/tags?post=733"}],"curies":[{"name":"wp","href":"https:\/\/api.w.org\/{rel}","templated":true}]}}