{"id":854,"date":"2023-05-15T10:00:29","date_gmt":"2023-05-15T10:00:29","guid":{"rendered":"https:\/\/noucartallers.es\/?p=854"},"modified":"2023-06-02T10:03:55","modified_gmt":"2023-06-02T10:03:55","slug":"que-particularidades-presenta-la-reparacion-de-camiones-y-que-hay-que-tener-en-cuenta","status":"publish","type":"post","link":"https:\/\/noucartallers.es\/ca\/que-particularidades-presenta-la-reparacion-de-camiones-y-que-hay-que-tener-en-cuenta","title":{"rendered":"Quines particularitats presenta la reparaci\u00f3 de camions i qu\u00e8 cal tenir en compte?"},"content":{"rendered":"<p style=\"text-align: justify;\">La <a href=\"https:\/\/noucartallers.es\/ca\/taller-camiones\/\"><strong>reparaci\u00f3 de camions a Parets del Vall\u00e8s<\/strong><\/a> \u00e9s una tasca crucial per mantenir el funcionament correcte i la seguretat d&#039;aquests vehicles de c\u00e0rrega. Comptar amb un servei especialitzat \u00e9s essencial per garantir un treball de qualitat i confian\u00e7a ia Noucar Tallers som experts en aquest \u00e0mbit.<\/p>\n<p style=\"text-align: justify;\">La <strong>reparaci\u00f3 de camions a Parets del Vall\u00e8s<\/strong> requereix un ampli coneixement t\u00e8cnic sobre els sistemes i components espec\u00edfics d&#039;aquests vehicles, per aix\u00f2 \u00e9s important confiar en un taller que disposi d&#039;instal\u00b7lacions modernes i equipament d&#039;\u00faltima generaci\u00f3, per dur a terme diagn\u00f2stics precisos i aplicar les t\u00e8cniques de reparaci\u00f3 m\u00e9s adequades, tal com trobar\u00e0s a Nou Car Tallers.<\/p>\n<h2 style=\"text-align: justify;\"><strong>Com aconseguir una reparaci\u00f3 efectiva de camions a Parets del Vall\u00e8s?<\/strong><\/h2>\n<p style=\"text-align: justify;\">Per dur a terme una reparaci\u00f3 efectiva, \u00e9s fonamental comptar amb una infraestructura i un equipament adequats. Nosaltres, disposem d&#039;eines especialitzades per fer reparacions precises i eficients en camions de diferents models i marques.<\/p>\n<p style=\"text-align: justify;\">Som una empresa especialitzada en <strong>reparaci\u00f3 de camions a Parets del Vall\u00e8s<\/strong> i, per aix\u00f2, et podem oferir una \u00e0mplia gamma de serveis que abasten des del manteniment preventiu fins a la reparaci\u00f3 d&#039;avaries complexes. Aix\u00f2 inclou serveis com la reparaci\u00f3 de motors, sistemes de transmissi\u00f3, sistemes el\u00e8ctrics, frens, suspensi\u00f3, entre d&#039;altres. A m\u00e9s, tamb\u00e9 pots fer inspeccions t\u00e8cniques i assessorament sobre el manteniment adequat dels camions.<\/p>\n<p><img loading=\"lazy\" decoding=\"async\" class=\"alignnone wp-image-855 size-full\" src=\"https:\/\/noucartallers.es\/wp-content\/uploads\/2023\/06\/123-2023-06-02T120231.853.png\" alt=\"\" width=\"2000\" height=\"1414\" srcset=\"https:\/\/noucartallers.es\/wp-content\/uploads\/2023\/06\/123-2023-06-02T120231.853.png 2000w, https:\/\/noucartallers.es\/wp-content\/uploads\/2023\/06\/123-2023-06-02T120231.853-300x212.png 300w, https:\/\/noucartallers.es\/wp-content\/uploads\/2023\/06\/123-2023-06-02T120231.853-1024x724.png 1024w, https:\/\/noucartallers.es\/wp-content\/uploads\/2023\/06\/123-2023-06-02T120231.853-768x543.png 768w, https:\/\/noucartallers.es\/wp-content\/uploads\/2023\/06\/123-2023-06-02T120231.853-1536x1086.png 1536w\" sizes=\"auto, (max-width: 2000px) 100vw, 2000px\" \/><\/p>\n<h2 style=\"text-align: justify;\"><strong>Gaudeix d&#039;un servei integral en la reparaci\u00f3 de camions a Parets del Vall\u00e8s amb Noucar Tallers<\/strong><\/h2>\n<p style=\"text-align: justify;\">Comptem amb m\u00e9s de 30 anys d\u00b4experi\u00e8ncia en aquest sector, disposem d\u00b4un equip t\u00e8cnic amb certificacions, formem part de la UEAC i treballem amb eines i maquin\u00e0ria especialitzades. Som una empresa experta a la <strong>reparaci\u00f3 de camions a Parets del Vall\u00e8s <\/strong>i tenim en compte tots els detalls a cadascun dels nostres treballs de manteniment i reparaci\u00f3, des del diagn\u00f2stic de falles a la reparaci\u00f3 de sistemes mec\u00e0nics, el\u00e8ctrics i de transmissi\u00f3, aix\u00ed com la realitzaci\u00f3 d&#039;ajustaments i substitucions de peces.<\/p>\n<p style=\"text-align: justify;\">\u00c9s fonamental que els t\u00e8cnics del taller de camions tinguin l&#039;experi\u00e8ncia necess\u00e0ria perqu\u00e8 puguin avaluar acuradament cada cas de manera particular, ja que \u00e9s important saber quin tipus de reparaci\u00f3 pot ser la m\u00e9s adequada en cada ocasi\u00f3. A Nou Car Tallers comptem amb un equip de professionals fiables, el principal objectiu dels quals \u00e9s satisfer les seves necessitats i expectatives i, per aix\u00f2, comptem amb els millors equips i marques del mercat, per assegurar que els nostres treballs siguin eficients i duradors.<\/p>","protected":false},"excerpt":{"rendered":"<p>La reparaci\u00f3 de camions a Parets del Vall\u00e8s \u00e9s una tasca crucial per mantenir el funcionament correcte i la seguretat d&#039;aquests vehicles de c\u00e0rrega. Comptar amb un servei especialitzat \u00e9s essencial per garantir un treball de qualitat i confian\u00e7a ia Noucar Tallers som experts en aquest \u00e0mbit. La reparaci\u00f3 de camions a Parets del Vall\u00e8s requereix un<\/p>\n<div class=\"h10\"><\/div>\n<p><a class=\"more-link1\" href=\"https:\/\/noucartallers.es\/ca\/que-particularidades-presenta-la-reparacion-de-camiones-y-que-hay-que-tener-en-cuenta\">Read more<\/a><\/p>","protected":false},"author":1,"featured_media":857,"comment_status":"closed","ping_status":"closed","sticky":false,"template":"","format":"standard","meta":{"footnotes":""},"categories":[22],"tags":[23],"class_list":["post-854","post","type-post","status-publish","format-standard","has-post-thumbnail","hentry","category-reparacion-de-camiones","tag-reparacion-de-camiones-en-parets-del-valles"],"yoast_head":"<!-- This site is optimized with the Yoast SEO plugin v26.7 - https:\/\/yoast.com\/wordpress\/plugins\/seo\/ -->\n<title>\u00bfQu\u00e9 particularidades presenta la reparaci\u00f3n de camiones y qu\u00e9 hay que tener en cuenta? - Nou Car Tallers<\/title>\n<meta name=\"robots\" content=\"index, follow, max-snippet:-1, max-image-preview:large, max-video-preview:-1\" \/>\n<link rel=\"canonical\" href=\"https:\/\/noucartallers.es\/ca\/que-particularidades-presenta-la-reparacion-de-camiones-y-que-hay-que-tener-en-cuenta\/\" \/>\n<meta property=\"og:locale\" content=\"ca_ES\" \/>\n<meta property=\"og:type\" content=\"article\" \/>\n<meta property=\"og:title\" content=\"\u00bfQu\u00e9 particularidades presenta la reparaci\u00f3n de camiones y qu\u00e9 hay que tener en cuenta? - Nou Car Tallers\" \/>\n<meta property=\"og:description\" content=\"La reparaci\u00f3n de camiones en Parets del Vall\u00e8s es una tarea crucial para mantener el correcto funcionamiento y la seguridad de estos veh\u00edculos de carga. Contar con un servicio especializado es esencial para garantizar un trabajo de calidad y confianza y en Noucar Tallers somos expertos en este \u00e1mbito. La reparaci\u00f3n de camiones en Parets del Vall\u00e8s requiere de unRead more\" \/>\n<meta property=\"og:url\" content=\"https:\/\/noucartallers.es\/ca\/que-particularidades-presenta-la-reparacion-de-camiones-y-que-hay-que-tener-en-cuenta\/\" \/>\n<meta property=\"og:site_name\" content=\"Nou Car Tallers\" \/>\n<meta property=\"article:published_time\" content=\"2023-05-15T10:00:29+00:00\" \/>\n<meta property=\"article:modified_time\" content=\"2023-06-02T10:03:55+00:00\" \/>\n<meta property=\"og:image\" content=\"https:\/\/noucartallers.es\/wp-content\/uploads\/2023\/06\/123-2023-06-02T120246.887-1024x724.png\" \/>\n\t<meta property=\"og:image:width\" content=\"1024\" \/>\n\t<meta property=\"og:image:height\" content=\"724\" \/>\n\t<meta property=\"og:image:type\" content=\"image\/png\" \/>\n<meta name=\"author\" content=\"carlos\" \/>\n<meta name=\"twitter:card\" content=\"summary_large_image\" \/>\n<meta name=\"twitter:label1\" content=\"Escrit per\" \/>\n\t<meta name=\"twitter:data1\" content=\"carlos\" \/>\n\t<meta name=\"twitter:label2\" content=\"Temps estimat de lectura\" \/>\n\t<meta name=\"twitter:data2\" content=\"2 minuts\" \/>\n<script type=\"application\/ld+json\" class=\"yoast-schema-graph\">{\"@context\":\"https:\/\/schema.org\",\"@graph\":[{\"@type\":\"Article\",\"@id\":\"https:\/\/noucartallers.es\/que-particularidades-presenta-la-reparacion-de-camiones-y-que-hay-que-tener-en-cuenta#article\",\"isPartOf\":{\"@id\":\"https:\/\/noucartallers.es\/que-particularidades-presenta-la-reparacion-de-camiones-y-que-hay-que-tener-en-cuenta\"},\"author\":{\"name\":\"carlos\",\"@id\":\"https:\/\/noucartallers.es\/#\/schema\/person\/1bcfff380b3b187b6cee5fe0ffe9dda3\"},\"headline\":\"\u00bfQu\u00e9 particularidades presenta la reparaci\u00f3n de camiones y qu\u00e9 hay que tener en cuenta?\",\"datePublished\":\"2023-05-15T10:00:29+00:00\",\"dateModified\":\"2023-06-02T10:03:55+00:00\",\"mainEntityOfPage\":{\"@id\":\"https:\/\/noucartallers.es\/que-particularidades-presenta-la-reparacion-de-camiones-y-que-hay-que-tener-en-cuenta\"},\"wordCount\":467,\"image\":{\"@id\":\"https:\/\/noucartallers.es\/que-particularidades-presenta-la-reparacion-de-camiones-y-que-hay-que-tener-en-cuenta#primaryimage\"},\"thumbnailUrl\":\"https:\/\/noucartallers.es\/wp-content\/uploads\/2023\/06\/123-2023-06-02T120246.887.png\",\"keywords\":[\"reparaci\u00f3n de camiones en Parets del Vall\u00e8s\"],\"articleSection\":[\"reparaci\u00f3n de camiones\"],\"inLanguage\":\"ca\"},{\"@type\":\"WebPage\",\"@id\":\"https:\/\/noucartallers.es\/que-particularidades-presenta-la-reparacion-de-camiones-y-que-hay-que-tener-en-cuenta\",\"url\":\"https:\/\/noucartallers.es\/que-particularidades-presenta-la-reparacion-de-camiones-y-que-hay-que-tener-en-cuenta\",\"name\":\"\u00bfQu\u00e9 particularidades presenta la reparaci\u00f3n de camiones y qu\u00e9 hay que tener en cuenta? - Nou Car Tallers\",\"isPartOf\":{\"@id\":\"https:\/\/noucartallers.es\/#website\"},\"primaryImageOfPage\":{\"@id\":\"https:\/\/noucartallers.es\/que-particularidades-presenta-la-reparacion-de-camiones-y-que-hay-que-tener-en-cuenta#primaryimage\"},\"image\":{\"@id\":\"https:\/\/noucartallers.es\/que-particularidades-presenta-la-reparacion-de-camiones-y-que-hay-que-tener-en-cuenta#primaryimage\"},\"thumbnailUrl\":\"https:\/\/noucartallers.es\/wp-content\/uploads\/2023\/06\/123-2023-06-02T120246.887.png\",\"datePublished\":\"2023-05-15T10:00:29+00:00\",\"dateModified\":\"2023-06-02T10:03:55+00:00\",\"author\":{\"@id\":\"https:\/\/noucartallers.es\/#\/schema\/person\/1bcfff380b3b187b6cee5fe0ffe9dda3\"},\"breadcrumb\":{\"@id\":\"https:\/\/noucartallers.es\/que-particularidades-presenta-la-reparacion-de-camiones-y-que-hay-que-tener-en-cuenta#breadcrumb\"},\"inLanguage\":\"ca\",\"potentialAction\":[{\"@type\":\"ReadAction\",\"target\":[\"https:\/\/noucartallers.es\/que-particularidades-presenta-la-reparacion-de-camiones-y-que-hay-que-tener-en-cuenta\"]}]},{\"@type\":\"ImageObject\",\"inLanguage\":\"ca\",\"@id\":\"https:\/\/noucartallers.es\/que-particularidades-presenta-la-reparacion-de-camiones-y-que-hay-que-tener-en-cuenta#primaryimage\",\"url\":\"https:\/\/noucartallers.es\/wp-content\/uploads\/2023\/06\/123-2023-06-02T120246.887.png\",\"contentUrl\":\"https:\/\/noucartallers.es\/wp-content\/uploads\/2023\/06\/123-2023-06-02T120246.887.png\",\"width\":2000,\"height\":1414},{\"@type\":\"BreadcrumbList\",\"@id\":\"https:\/\/noucartallers.es\/que-particularidades-presenta-la-reparacion-de-camiones-y-que-hay-que-tener-en-cuenta#breadcrumb\",\"itemListElement\":[{\"@type\":\"ListItem\",\"position\":1,\"name\":\"Portada\",\"item\":\"https:\/\/noucartallers.es\/\"},{\"@type\":\"ListItem\",\"position\":2,\"name\":\"\u00bfQu\u00e9 particularidades presenta la reparaci\u00f3n de camiones y qu\u00e9 hay que tener en cuenta?\"}]},{\"@type\":\"WebSite\",\"@id\":\"https:\/\/noucartallers.es\/#website\",\"url\":\"https:\/\/noucartallers.es\/\",\"name\":\"Nou Car Tallers\",\"description\":\"Servicio de mantenimiento y reparaciones para todo tipo de veh\u00edculos\",\"potentialAction\":[{\"@type\":\"SearchAction\",\"target\":{\"@type\":\"EntryPoint\",\"urlTemplate\":\"https:\/\/noucartallers.es\/?s={search_term_string}\"},\"query-input\":{\"@type\":\"PropertyValueSpecification\",\"valueRequired\":true,\"valueName\":\"search_term_string\"}}],\"inLanguage\":\"ca\"},{\"@type\":\"Person\",\"@id\":\"https:\/\/noucartallers.es\/#\/schema\/person\/1bcfff380b3b187b6cee5fe0ffe9dda3\",\"name\":\"carlos\",\"image\":{\"@type\":\"ImageObject\",\"inLanguage\":\"ca\",\"@id\":\"https:\/\/noucartallers.es\/#\/schema\/person\/image\/\",\"url\":\"https:\/\/secure.gravatar.com\/avatar\/0fa48abdde54a2d78bb802e3b0c116e4be45f656c6b5277452b4ee1771cc79b1?s=96&d=mm&r=g\",\"contentUrl\":\"https:\/\/secure.gravatar.com\/avatar\/0fa48abdde54a2d78bb802e3b0c116e4be45f656c6b5277452b4ee1771cc79b1?s=96&d=mm&r=g\",\"caption\":\"carlos\"},\"sameAs\":[\"https:\/\/noucartallers.desarrollowebsonline.es\"],\"url\":\"https:\/\/noucartallers.es\/ca\/author\/carlos\"}]}<\/script>\n<!-- \/ Yoast SEO plugin. -->","yoast_head_json":{"title":"\u00bfQu\u00e9 particularidades presenta la reparaci\u00f3n de camiones y qu\u00e9 hay que tener en cuenta? - Nou Car Tallers","robots":{"index":"index","follow":"follow","max-snippet":"max-snippet:-1","max-image-preview":"max-image-preview:large","max-video-preview":"max-video-preview:-1"},"canonical":"https:\/\/noucartallers.es\/ca\/que-particularidades-presenta-la-reparacion-de-camiones-y-que-hay-que-tener-en-cuenta\/","og_locale":"ca_ES","og_type":"article","og_title":"\u00bfQu\u00e9 particularidades presenta la reparaci\u00f3n de camiones y qu\u00e9 hay que tener en cuenta? - Nou Car Tallers","og_description":"La reparaci\u00f3n de camiones en Parets del Vall\u00e8s es una tarea crucial para mantener el correcto funcionamiento y la seguridad de estos veh\u00edculos de carga. Contar con un servicio especializado es esencial para garantizar un trabajo de calidad y confianza y en Noucar Tallers somos expertos en este \u00e1mbito. La reparaci\u00f3n de camiones en Parets del Vall\u00e8s requiere de unRead more","og_url":"https:\/\/noucartallers.es\/ca\/que-particularidades-presenta-la-reparacion-de-camiones-y-que-hay-que-tener-en-cuenta\/","og_site_name":"Nou Car Tallers","article_published_time":"2023-05-15T10:00:29+00:00","article_modified_time":"2023-06-02T10:03:55+00:00","og_image":[{"width":1024,"height":724,"url":"https:\/\/noucartallers.es\/wp-content\/uploads\/2023\/06\/123-2023-06-02T120246.887-1024x724.png","type":"image\/png"}],"author":"carlos","twitter_card":"summary_large_image","twitter_misc":{"Escrit per":"carlos","Temps estimat de lectura":"2 minuts"},"schema":{"@context":"https:\/\/schema.org","@graph":[{"@type":"Article","@id":"https:\/\/noucartallers.es\/que-particularidades-presenta-la-reparacion-de-camiones-y-que-hay-que-tener-en-cuenta#article","isPartOf":{"@id":"https:\/\/noucartallers.es\/que-particularidades-presenta-la-reparacion-de-camiones-y-que-hay-que-tener-en-cuenta"},"author":{"name":"carlos","@id":"https:\/\/noucartallers.es\/#\/schema\/person\/1bcfff380b3b187b6cee5fe0ffe9dda3"},"headline":"\u00bfQu\u00e9 particularidades presenta la reparaci\u00f3n de camiones y qu\u00e9 hay que tener en cuenta?","datePublished":"2023-05-15T10:00:29+00:00","dateModified":"2023-06-02T10:03:55+00:00","mainEntityOfPage":{"@id":"https:\/\/noucartallers.es\/que-particularidades-presenta-la-reparacion-de-camiones-y-que-hay-que-tener-en-cuenta"},"wordCount":467,"image":{"@id":"https:\/\/noucartallers.es\/que-particularidades-presenta-la-reparacion-de-camiones-y-que-hay-que-tener-en-cuenta#primaryimage"},"thumbnailUrl":"https:\/\/noucartallers.es\/wp-content\/uploads\/2023\/06\/123-2023-06-02T120246.887.png","keywords":["reparaci\u00f3n de camiones en Parets del Vall\u00e8s"],"articleSection":["reparaci\u00f3n de camiones"],"inLanguage":"ca"},{"@type":"WebPage","@id":"https:\/\/noucartallers.es\/que-particularidades-presenta-la-reparacion-de-camiones-y-que-hay-que-tener-en-cuenta","url":"https:\/\/noucartallers.es\/que-particularidades-presenta-la-reparacion-de-camiones-y-que-hay-que-tener-en-cuenta","name":"\u00bfQu\u00e9 particularidades presenta la reparaci\u00f3n de camiones y qu\u00e9 hay que tener en cuenta? - Nou Car Tallers","isPartOf":{"@id":"https:\/\/noucartallers.es\/#website"},"primaryImageOfPage":{"@id":"https:\/\/noucartallers.es\/que-particularidades-presenta-la-reparacion-de-camiones-y-que-hay-que-tener-en-cuenta#primaryimage"},"image":{"@id":"https:\/\/noucartallers.es\/que-particularidades-presenta-la-reparacion-de-camiones-y-que-hay-que-tener-en-cuenta#primaryimage"},"thumbnailUrl":"https:\/\/noucartallers.es\/wp-content\/uploads\/2023\/06\/123-2023-06-02T120246.887.png","datePublished":"2023-05-15T10:00:29+00:00","dateModified":"2023-06-02T10:03:55+00:00","author":{"@id":"https:\/\/noucartallers.es\/#\/schema\/person\/1bcfff380b3b187b6cee5fe0ffe9dda3"},"breadcrumb":{"@id":"https:\/\/noucartallers.es\/que-particularidades-presenta-la-reparacion-de-camiones-y-que-hay-que-tener-en-cuenta#breadcrumb"},"inLanguage":"ca","potentialAction":[{"@type":"ReadAction","target":["https:\/\/noucartallers.es\/que-particularidades-presenta-la-reparacion-de-camiones-y-que-hay-que-tener-en-cuenta"]}]},{"@type":"ImageObject","inLanguage":"ca","@id":"https:\/\/noucartallers.es\/que-particularidades-presenta-la-reparacion-de-camiones-y-que-hay-que-tener-en-cuenta#primaryimage","url":"https:\/\/noucartallers.es\/wp-content\/uploads\/2023\/06\/123-2023-06-02T120246.887.png","contentUrl":"https:\/\/noucartallers.es\/wp-content\/uploads\/2023\/06\/123-2023-06-02T120246.887.png","width":2000,"height":1414},{"@type":"BreadcrumbList","@id":"https:\/\/noucartallers.es\/que-particularidades-presenta-la-reparacion-de-camiones-y-que-hay-que-tener-en-cuenta#breadcrumb","itemListElement":[{"@type":"ListItem","position":1,"name":"Portada","item":"https:\/\/noucartallers.es\/"},{"@type":"ListItem","position":2,"name":"\u00bfQu\u00e9 particularidades presenta la reparaci\u00f3n de camiones y qu\u00e9 hay que tener en cuenta?"}]},{"@type":"WebSite","@id":"https:\/\/noucartallers.es\/#website","url":"https:\/\/noucartallers.es\/","name":"Nou Car Tallers","description":"Servicio de mantenimiento y reparaciones para todo tipo de veh\u00edculos","potentialAction":[{"@type":"SearchAction","target":{"@type":"EntryPoint","urlTemplate":"https:\/\/noucartallers.es\/?s={search_term_string}"},"query-input":{"@type":"PropertyValueSpecification","valueRequired":true,"valueName":"search_term_string"}}],"inLanguage":"ca"},{"@type":"Person","@id":"https:\/\/noucartallers.es\/#\/schema\/person\/1bcfff380b3b187b6cee5fe0ffe9dda3","name":"carlos","image":{"@type":"ImageObject","inLanguage":"ca","@id":"https:\/\/noucartallers.es\/#\/schema\/person\/image\/","url":"https:\/\/secure.gravatar.com\/avatar\/0fa48abdde54a2d78bb802e3b0c116e4be45f656c6b5277452b4ee1771cc79b1?s=96&d=mm&r=g","contentUrl":"https:\/\/secure.gravatar.com\/avatar\/0fa48abdde54a2d78bb802e3b0c116e4be45f656c6b5277452b4ee1771cc79b1?s=96&d=mm&r=g","caption":"carlos"},"sameAs":["https:\/\/noucartallers.desarrollowebsonline.es"],"url":"https:\/\/noucartallers.es\/ca\/author\/carlos"}]}},"_links":{"self":[{"href":"https:\/\/noucartallers.es\/ca\/wp-json\/wp\/v2\/posts\/854","targetHints":{"allow":["GET"]}}],"collection":[{"href":"https:\/\/noucartallers.es\/ca\/wp-json\/wp\/v2\/posts"}],"about":[{"href":"https:\/\/noucartallers.es\/ca\/wp-json\/wp\/v2\/types\/post"}],"author":[{"embeddable":true,"href":"https:\/\/noucartallers.es\/ca\/wp-json\/wp\/v2\/users\/1"}],"replies":[{"embeddable":true,"href":"https:\/\/noucartallers.es\/ca\/wp-json\/wp\/v2\/comments?post=854"}],"version-history":[{"count":1,"href":"https:\/\/noucartallers.es\/ca\/wp-json\/wp\/v2\/posts\/854\/revisions"}],"predecessor-version":[{"id":859,"href":"https:\/\/noucartallers.es\/ca\/wp-json\/wp\/v2\/posts\/854\/revisions\/859"}],"wp:featuredmedia":[{"embeddable":true,"href":"https:\/\/noucartallers.es\/ca\/wp-json\/wp\/v2\/media\/857"}],"wp:attachment":[{"href":"https:\/\/noucartallers.es\/ca\/wp-json\/wp\/v2\/media?parent=854"}],"wp:term":[{"taxonomy":"category","embeddable":true,"href":"https:\/\/noucartallers.es\/ca\/wp-json\/wp\/v2\/categories?post=854"},{"taxonomy":"post_tag","embeddable":true,"href":"https:\/\/noucartallers.es\/ca\/wp-json\/wp\/v2\/tags?post=854"}],"curies":[{"name":"wp","href":"https:\/\/api.w.org\/{rel}","templated":true}]}}