{"id":862,"date":"2023-06-11T23:05:14","date_gmt":"2023-06-11T23:05:14","guid":{"rendered":"https:\/\/noucartallers.es\/?p=862"},"modified":"2023-06-11T23:05:14","modified_gmt":"2023-06-11T23:05:14","slug":"taller-de-camiones-en-mataro-un-aliado-para-su-seguridad-y-eficiencia","status":"publish","type":"post","link":"https:\/\/noucartallers.es\/ca\/taller-de-camiones-en-mataro-un-aliado-para-su-seguridad-y-eficiencia","title":{"rendered":"Taller de camions a Matar\u00f3: un aliat per a la seva seguretat i efici\u00e8ncia"},"content":{"rendered":"<p style=\"text-align: justify;\">Els camions pesants s\u00f3n una part integral de qualsevol negoci, i necessiten manteniment i reparaci\u00f3 adequats per garantir-ne la funcionalitat i longevitat. Ja sigui que el vostre cami\u00f3 requereixi una revisi\u00f3 general o nom\u00e9s algunes reparacions menors, vost\u00e8 mereix la tranquil\u00b7litat que brinden els serveis d&#039;un <a href=\"https:\/\/noucartallers.es\/ca\/taller-mecanico\/\"><strong>taller de camions a Matar\u00f3<\/strong> <\/a>de primer nivell. Per\u00f2 navegar pel panorama de la reparaci\u00f3 de camions comercials no sempre \u00e9s f\u00e0cil.<\/p>\n<p style=\"text-align: justify;\">Aqu\u00ed hi ha cinc consells per ajudar-lo a triar el <strong>taller de camions a Matar\u00f3<\/strong> adequat.<\/p>\n<p style=\"text-align: justify;\"><img loading=\"lazy\" decoding=\"async\" class=\"aligncenter wp-image-867 size-large\" src=\"https:\/\/noucartallers.es\/wp-content\/uploads\/2023\/06\/light-g5c39f304e_1280-1024x682.jpg\" alt=\"\" width=\"1024\" height=\"682\" srcset=\"https:\/\/noucartallers.es\/wp-content\/uploads\/2023\/06\/light-g5c39f304e_1280-1024x682.jpg 1024w, https:\/\/noucartallers.es\/wp-content\/uploads\/2023\/06\/light-g5c39f304e_1280-300x200.jpg 300w, https:\/\/noucartallers.es\/wp-content\/uploads\/2023\/06\/light-g5c39f304e_1280-768x512.jpg 768w, https:\/\/noucartallers.es\/wp-content\/uploads\/2023\/06\/light-g5c39f304e_1280.jpg 1280w\" sizes=\"auto, (max-width: 1024px) 100vw, 1024px\" \/><\/p>\n<h2 style=\"text-align: justify;\">Taller de camions a Matar\u00f3: un m\u00f3n d&#039;opcions<\/h2>\n<ol style=\"text-align: justify;\">\n<li>Cerca un <strong>taller de camions a Matar\u00f3<\/strong> amb t\u00e8cnics experimentats<\/li>\n<\/ol>\n<p style=\"text-align: justify;\">Els t\u00e8cnics que treballen a <strong>taller de camions a Matar\u00f3<\/strong> han de tenir experi\u00e8ncia en els serveis que pugui necessitar. Assegureu-vos de preguntar sobre les seves qualificacions i experi\u00e8ncia per assegurar-se que el taller compti amb experts que s\u00e0piguen com manejar tot tipus de reparacions.<\/p>\n<p style=\"text-align: justify;\">Per garantir reparacions adequades i evitar danys m\u00e9s grans al seu cami\u00f3, \u00e9s crucial confiar-ne el manteniment nom\u00e9s a t\u00e8cnics que tinguin l&#039;experi\u00e8ncia necess\u00e0ria. Aix\u00f2 garantir\u00e0 que el seu cami\u00f3 rebi la millor soluci\u00f3 possible, cosa que li brindar\u00e0 la tranquil\u00b7litat de saber que no tornar\u00e0 a tenir el mateix problema a curt termini.<\/p>\n<p style=\"text-align: justify;\">\n<ol style=\"text-align: justify;\" start=\"2\">\n<li>Demana refer\u00e8ncies<\/li>\n<\/ol>\n<p style=\"text-align: justify;\">Abans de prendre una decisi\u00f3 final, \u00e9s una bona idea demanar refer\u00e8ncies de clients daquesta botiga espec\u00edfica. Si la botiga t\u00e9 una bona reputaci\u00f3, haurien d&#039;estar m\u00e9s que disposats a oferir refer\u00e8ncies dels seus clients que puguin garantir els seus serveis.<\/p>\n<p style=\"text-align: justify;\">\n<ol style=\"text-align: justify;\" start=\"3\">\n<li>Reviseu l&#039;equipament de la botiga<\/li>\n<\/ol>\n<p style=\"text-align: justify;\">Assegureu-vos que el <strong>taller de camions a Matar\u00f3<\/strong> tingui les \u00faltimes eines i equips per garantir que el treball de reparaci\u00f3 es faci correctament. Aix\u00f2 tamb\u00e9 els permetr\u00e0 completar la feina de manera oportuna. At\u00e8s que els camions s\u00f3n m\u00e0quines complexes, un <strong>taller de camions a Matar\u00f3<\/strong> ideal tindr\u00e0 sistemes de diagn\u00f2stic avan\u00e7ats per ajudar a identificar larrel dels seus problemes.<\/p>\n<ol style=\"text-align: justify;\" start=\"4\">\n<li>Considereu el cost de les reparacions<\/li>\n<\/ol>\n<p style=\"text-align: justify;\">Per descomptat, voleu assegurar-se d&#039;obtenir una bona oferta en les reparacions. Pregunteu i compareu preus per assegurar-se que el <strong>taller de camions a Matar\u00f3<\/strong> que trieu ofereixi tarifes competitives.<\/p>\n<p style=\"text-align: justify;\">Triar el <strong>taller de camions a Matar\u00f3<\/strong> adequat \u00e9s una decisi\u00f3 important. En seguir aquests quatre consells, podeu estar segur que esteu seleccionant un <strong>taller de camions a Matar\u00f3<\/strong> amb experi\u00e8ncia, fiable i rendible. Investigueu i preneu-vos el temps en fer la vostra selecci\u00f3 per assegurar-vos que el vostre cami\u00f3 estigui a les millors mans possibles.<\/p>\n<p style=\"text-align: justify;\">Compteu amb nosaltres com els millors experts en el sector que s&#039;encarregaran de forma personalitzada del vostre cas. Tenim l&#039;experi\u00e8ncia per buscar els problemes del vostre cami\u00f3 i identificar possibles falles que es puguin presentar en el futur.<\/p>","protected":false},"excerpt":{"rendered":"<p>Els camions pesants s\u00f3n una part integral de qualsevol negoci, i necessiten manteniment i reparaci\u00f3 adequats per garantir-ne la funcionalitat i longevitat. Ja sigui que el vostre cami\u00f3 requereixi una revisi\u00f3 general o nom\u00e9s algunes reparacions menors, vost\u00e8 mereix la tranquil\u00b7litat que brinden els serveis d&#039;un taller de camions a Matar\u00f3 de primer nivell. Per\u00f2 navegar pel panorama de<\/p>\n<div class=\"h10\"><\/div>\n<p><a class=\"more-link1\" href=\"https:\/\/noucartallers.es\/ca\/taller-de-camiones-en-mataro-un-aliado-para-su-seguridad-y-eficiencia\">Read more<\/a><\/p>","protected":false},"author":1,"featured_media":865,"comment_status":"closed","ping_status":"closed","sticky":false,"template":"","format":"standard","meta":{"footnotes":""},"categories":[22],"tags":[26],"class_list":["post-862","post","type-post","status-publish","format-standard","has-post-thumbnail","hentry","category-reparacion-de-camiones","tag-taller-de-camiones-en-mataro"],"yoast_head":"<!-- This site is optimized with the Yoast SEO plugin v26.7 - https:\/\/yoast.com\/wordpress\/plugins\/seo\/ -->\n<title>Taller de camiones en Matar\u00f3: un aliado para su seguridad y eficiencia - Nou Car Tallers<\/title>\n<meta name=\"robots\" content=\"index, follow, max-snippet:-1, max-image-preview:large, max-video-preview:-1\" \/>\n<link rel=\"canonical\" href=\"https:\/\/noucartallers.es\/ca\/taller-de-camiones-en-mataro-un-aliado-para-su-seguridad-y-eficiencia\/\" \/>\n<meta property=\"og:locale\" content=\"ca_ES\" \/>\n<meta property=\"og:type\" content=\"article\" \/>\n<meta property=\"og:title\" content=\"Taller de camiones en Matar\u00f3: un aliado para su seguridad y eficiencia - Nou Car Tallers\" \/>\n<meta property=\"og:description\" content=\"Los camiones pesados son una parte integral de cualquier negocio, y necesitan mantenimiento y reparaci\u00f3n adecuados para garantizar su funcionalidad y longevidad. Ya sea que su cami\u00f3n requiera una revisi\u00f3n general o solo algunas reparaciones menores, usted merece la tranquilidad que brindan los servicios de un taller de camiones en Matar\u00f3 de primer nivel. Pero navegar por el panorama deRead more\" \/>\n<meta property=\"og:url\" content=\"https:\/\/noucartallers.es\/ca\/taller-de-camiones-en-mataro-un-aliado-para-su-seguridad-y-eficiencia\/\" \/>\n<meta property=\"og:site_name\" content=\"Nou Car Tallers\" \/>\n<meta property=\"article:published_time\" content=\"2023-06-11T23:05:14+00:00\" \/>\n<meta property=\"og:image\" content=\"https:\/\/noucartallers.es\/wp-content\/uploads\/2023\/06\/cars-g7a7e8f80b_1280.jpg\" \/>\n\t<meta property=\"og:image:width\" content=\"1280\" \/>\n\t<meta property=\"og:image:height\" content=\"852\" \/>\n\t<meta property=\"og:image:type\" content=\"image\/jpeg\" \/>\n<meta name=\"author\" content=\"carlos\" \/>\n<meta name=\"twitter:card\" content=\"summary_large_image\" \/>\n<meta name=\"twitter:label1\" content=\"Escrit per\" \/>\n\t<meta name=\"twitter:data1\" content=\"carlos\" \/>\n\t<meta name=\"twitter:label2\" content=\"Temps estimat de lectura\" \/>\n\t<meta name=\"twitter:data2\" content=\"2 minuts\" \/>\n<script type=\"application\/ld+json\" class=\"yoast-schema-graph\">{\"@context\":\"https:\/\/schema.org\",\"@graph\":[{\"@type\":\"Article\",\"@id\":\"https:\/\/noucartallers.es\/taller-de-camiones-en-mataro-un-aliado-para-su-seguridad-y-eficiencia#article\",\"isPartOf\":{\"@id\":\"https:\/\/noucartallers.es\/taller-de-camiones-en-mataro-un-aliado-para-su-seguridad-y-eficiencia\"},\"author\":{\"name\":\"carlos\",\"@id\":\"https:\/\/noucartallers.es\/#\/schema\/person\/1bcfff380b3b187b6cee5fe0ffe9dda3\"},\"headline\":\"Taller de camiones en Matar\u00f3: un aliado para su seguridad y eficiencia\",\"datePublished\":\"2023-06-11T23:05:14+00:00\",\"mainEntityOfPage\":{\"@id\":\"https:\/\/noucartallers.es\/taller-de-camiones-en-mataro-un-aliado-para-su-seguridad-y-eficiencia\"},\"wordCount\":490,\"image\":{\"@id\":\"https:\/\/noucartallers.es\/taller-de-camiones-en-mataro-un-aliado-para-su-seguridad-y-eficiencia#primaryimage\"},\"thumbnailUrl\":\"https:\/\/noucartallers.es\/wp-content\/uploads\/2023\/06\/cars-g7a7e8f80b_1280.jpg\",\"keywords\":[\"Taller de camiones en Matar\u00f3\"],\"articleSection\":[\"reparaci\u00f3n de camiones\"],\"inLanguage\":\"ca\"},{\"@type\":\"WebPage\",\"@id\":\"https:\/\/noucartallers.es\/taller-de-camiones-en-mataro-un-aliado-para-su-seguridad-y-eficiencia\",\"url\":\"https:\/\/noucartallers.es\/taller-de-camiones-en-mataro-un-aliado-para-su-seguridad-y-eficiencia\",\"name\":\"Taller de camiones en Matar\u00f3: un aliado para su seguridad y eficiencia - Nou Car Tallers\",\"isPartOf\":{\"@id\":\"https:\/\/noucartallers.es\/#website\"},\"primaryImageOfPage\":{\"@id\":\"https:\/\/noucartallers.es\/taller-de-camiones-en-mataro-un-aliado-para-su-seguridad-y-eficiencia#primaryimage\"},\"image\":{\"@id\":\"https:\/\/noucartallers.es\/taller-de-camiones-en-mataro-un-aliado-para-su-seguridad-y-eficiencia#primaryimage\"},\"thumbnailUrl\":\"https:\/\/noucartallers.es\/wp-content\/uploads\/2023\/06\/cars-g7a7e8f80b_1280.jpg\",\"datePublished\":\"2023-06-11T23:05:14+00:00\",\"author\":{\"@id\":\"https:\/\/noucartallers.es\/#\/schema\/person\/1bcfff380b3b187b6cee5fe0ffe9dda3\"},\"breadcrumb\":{\"@id\":\"https:\/\/noucartallers.es\/taller-de-camiones-en-mataro-un-aliado-para-su-seguridad-y-eficiencia#breadcrumb\"},\"inLanguage\":\"ca\",\"potentialAction\":[{\"@type\":\"ReadAction\",\"target\":[\"https:\/\/noucartallers.es\/taller-de-camiones-en-mataro-un-aliado-para-su-seguridad-y-eficiencia\"]}]},{\"@type\":\"ImageObject\",\"inLanguage\":\"ca\",\"@id\":\"https:\/\/noucartallers.es\/taller-de-camiones-en-mataro-un-aliado-para-su-seguridad-y-eficiencia#primaryimage\",\"url\":\"https:\/\/noucartallers.es\/wp-content\/uploads\/2023\/06\/cars-g7a7e8f80b_1280.jpg\",\"contentUrl\":\"https:\/\/noucartallers.es\/wp-content\/uploads\/2023\/06\/cars-g7a7e8f80b_1280.jpg\",\"width\":1280,\"height\":852},{\"@type\":\"BreadcrumbList\",\"@id\":\"https:\/\/noucartallers.es\/taller-de-camiones-en-mataro-un-aliado-para-su-seguridad-y-eficiencia#breadcrumb\",\"itemListElement\":[{\"@type\":\"ListItem\",\"position\":1,\"name\":\"Portada\",\"item\":\"https:\/\/noucartallers.es\/\"},{\"@type\":\"ListItem\",\"position\":2,\"name\":\"Taller de camiones en Matar\u00f3: un aliado para su seguridad y eficiencia\"}]},{\"@type\":\"WebSite\",\"@id\":\"https:\/\/noucartallers.es\/#website\",\"url\":\"https:\/\/noucartallers.es\/\",\"name\":\"Nou Car Tallers\",\"description\":\"Servicio de mantenimiento y reparaciones para todo tipo de veh\u00edculos\",\"potentialAction\":[{\"@type\":\"SearchAction\",\"target\":{\"@type\":\"EntryPoint\",\"urlTemplate\":\"https:\/\/noucartallers.es\/?s={search_term_string}\"},\"query-input\":{\"@type\":\"PropertyValueSpecification\",\"valueRequired\":true,\"valueName\":\"search_term_string\"}}],\"inLanguage\":\"ca\"},{\"@type\":\"Person\",\"@id\":\"https:\/\/noucartallers.es\/#\/schema\/person\/1bcfff380b3b187b6cee5fe0ffe9dda3\",\"name\":\"carlos\",\"image\":{\"@type\":\"ImageObject\",\"inLanguage\":\"ca\",\"@id\":\"https:\/\/noucartallers.es\/#\/schema\/person\/image\/\",\"url\":\"https:\/\/secure.gravatar.com\/avatar\/0fa48abdde54a2d78bb802e3b0c116e4be45f656c6b5277452b4ee1771cc79b1?s=96&d=mm&r=g\",\"contentUrl\":\"https:\/\/secure.gravatar.com\/avatar\/0fa48abdde54a2d78bb802e3b0c116e4be45f656c6b5277452b4ee1771cc79b1?s=96&d=mm&r=g\",\"caption\":\"carlos\"},\"sameAs\":[\"https:\/\/noucartallers.desarrollowebsonline.es\"],\"url\":\"https:\/\/noucartallers.es\/ca\/author\/carlos\"}]}<\/script>\n<!-- \/ Yoast SEO plugin. -->","yoast_head_json":{"title":"Taller de camiones en Matar\u00f3: un aliado para su seguridad y eficiencia - Nou Car Tallers","robots":{"index":"index","follow":"follow","max-snippet":"max-snippet:-1","max-image-preview":"max-image-preview:large","max-video-preview":"max-video-preview:-1"},"canonical":"https:\/\/noucartallers.es\/ca\/taller-de-camiones-en-mataro-un-aliado-para-su-seguridad-y-eficiencia\/","og_locale":"ca_ES","og_type":"article","og_title":"Taller de camiones en Matar\u00f3: un aliado para su seguridad y eficiencia - Nou Car Tallers","og_description":"Los camiones pesados son una parte integral de cualquier negocio, y necesitan mantenimiento y reparaci\u00f3n adecuados para garantizar su funcionalidad y longevidad. Ya sea que su cami\u00f3n requiera una revisi\u00f3n general o solo algunas reparaciones menores, usted merece la tranquilidad que brindan los servicios de un taller de camiones en Matar\u00f3 de primer nivel. Pero navegar por el panorama deRead more","og_url":"https:\/\/noucartallers.es\/ca\/taller-de-camiones-en-mataro-un-aliado-para-su-seguridad-y-eficiencia\/","og_site_name":"Nou Car Tallers","article_published_time":"2023-06-11T23:05:14+00:00","og_image":[{"width":1280,"height":852,"url":"https:\/\/noucartallers.es\/wp-content\/uploads\/2023\/06\/cars-g7a7e8f80b_1280.jpg","type":"image\/jpeg"}],"author":"carlos","twitter_card":"summary_large_image","twitter_misc":{"Escrit per":"carlos","Temps estimat de lectura":"2 minuts"},"schema":{"@context":"https:\/\/schema.org","@graph":[{"@type":"Article","@id":"https:\/\/noucartallers.es\/taller-de-camiones-en-mataro-un-aliado-para-su-seguridad-y-eficiencia#article","isPartOf":{"@id":"https:\/\/noucartallers.es\/taller-de-camiones-en-mataro-un-aliado-para-su-seguridad-y-eficiencia"},"author":{"name":"carlos","@id":"https:\/\/noucartallers.es\/#\/schema\/person\/1bcfff380b3b187b6cee5fe0ffe9dda3"},"headline":"Taller de camiones en Matar\u00f3: un aliado para su seguridad y eficiencia","datePublished":"2023-06-11T23:05:14+00:00","mainEntityOfPage":{"@id":"https:\/\/noucartallers.es\/taller-de-camiones-en-mataro-un-aliado-para-su-seguridad-y-eficiencia"},"wordCount":490,"image":{"@id":"https:\/\/noucartallers.es\/taller-de-camiones-en-mataro-un-aliado-para-su-seguridad-y-eficiencia#primaryimage"},"thumbnailUrl":"https:\/\/noucartallers.es\/wp-content\/uploads\/2023\/06\/cars-g7a7e8f80b_1280.jpg","keywords":["Taller de camiones en Matar\u00f3"],"articleSection":["reparaci\u00f3n de camiones"],"inLanguage":"ca"},{"@type":"WebPage","@id":"https:\/\/noucartallers.es\/taller-de-camiones-en-mataro-un-aliado-para-su-seguridad-y-eficiencia","url":"https:\/\/noucartallers.es\/taller-de-camiones-en-mataro-un-aliado-para-su-seguridad-y-eficiencia","name":"Taller de camiones en Matar\u00f3: un aliado para su seguridad y eficiencia - Nou Car Tallers","isPartOf":{"@id":"https:\/\/noucartallers.es\/#website"},"primaryImageOfPage":{"@id":"https:\/\/noucartallers.es\/taller-de-camiones-en-mataro-un-aliado-para-su-seguridad-y-eficiencia#primaryimage"},"image":{"@id":"https:\/\/noucartallers.es\/taller-de-camiones-en-mataro-un-aliado-para-su-seguridad-y-eficiencia#primaryimage"},"thumbnailUrl":"https:\/\/noucartallers.es\/wp-content\/uploads\/2023\/06\/cars-g7a7e8f80b_1280.jpg","datePublished":"2023-06-11T23:05:14+00:00","author":{"@id":"https:\/\/noucartallers.es\/#\/schema\/person\/1bcfff380b3b187b6cee5fe0ffe9dda3"},"breadcrumb":{"@id":"https:\/\/noucartallers.es\/taller-de-camiones-en-mataro-un-aliado-para-su-seguridad-y-eficiencia#breadcrumb"},"inLanguage":"ca","potentialAction":[{"@type":"ReadAction","target":["https:\/\/noucartallers.es\/taller-de-camiones-en-mataro-un-aliado-para-su-seguridad-y-eficiencia"]}]},{"@type":"ImageObject","inLanguage":"ca","@id":"https:\/\/noucartallers.es\/taller-de-camiones-en-mataro-un-aliado-para-su-seguridad-y-eficiencia#primaryimage","url":"https:\/\/noucartallers.es\/wp-content\/uploads\/2023\/06\/cars-g7a7e8f80b_1280.jpg","contentUrl":"https:\/\/noucartallers.es\/wp-content\/uploads\/2023\/06\/cars-g7a7e8f80b_1280.jpg","width":1280,"height":852},{"@type":"BreadcrumbList","@id":"https:\/\/noucartallers.es\/taller-de-camiones-en-mataro-un-aliado-para-su-seguridad-y-eficiencia#breadcrumb","itemListElement":[{"@type":"ListItem","position":1,"name":"Portada","item":"https:\/\/noucartallers.es\/"},{"@type":"ListItem","position":2,"name":"Taller de camiones en Matar\u00f3: un aliado para su seguridad y eficiencia"}]},{"@type":"WebSite","@id":"https:\/\/noucartallers.es\/#website","url":"https:\/\/noucartallers.es\/","name":"Nou Car Tallers","description":"Servicio de mantenimiento y reparaciones para todo tipo de veh\u00edculos","potentialAction":[{"@type":"SearchAction","target":{"@type":"EntryPoint","urlTemplate":"https:\/\/noucartallers.es\/?s={search_term_string}"},"query-input":{"@type":"PropertyValueSpecification","valueRequired":true,"valueName":"search_term_string"}}],"inLanguage":"ca"},{"@type":"Person","@id":"https:\/\/noucartallers.es\/#\/schema\/person\/1bcfff380b3b187b6cee5fe0ffe9dda3","name":"carlos","image":{"@type":"ImageObject","inLanguage":"ca","@id":"https:\/\/noucartallers.es\/#\/schema\/person\/image\/","url":"https:\/\/secure.gravatar.com\/avatar\/0fa48abdde54a2d78bb802e3b0c116e4be45f656c6b5277452b4ee1771cc79b1?s=96&d=mm&r=g","contentUrl":"https:\/\/secure.gravatar.com\/avatar\/0fa48abdde54a2d78bb802e3b0c116e4be45f656c6b5277452b4ee1771cc79b1?s=96&d=mm&r=g","caption":"carlos"},"sameAs":["https:\/\/noucartallers.desarrollowebsonline.es"],"url":"https:\/\/noucartallers.es\/ca\/author\/carlos"}]}},"_links":{"self":[{"href":"https:\/\/noucartallers.es\/ca\/wp-json\/wp\/v2\/posts\/862","targetHints":{"allow":["GET"]}}],"collection":[{"href":"https:\/\/noucartallers.es\/ca\/wp-json\/wp\/v2\/posts"}],"about":[{"href":"https:\/\/noucartallers.es\/ca\/wp-json\/wp\/v2\/types\/post"}],"author":[{"embeddable":true,"href":"https:\/\/noucartallers.es\/ca\/wp-json\/wp\/v2\/users\/1"}],"replies":[{"embeddable":true,"href":"https:\/\/noucartallers.es\/ca\/wp-json\/wp\/v2\/comments?post=862"}],"version-history":[{"count":2,"href":"https:\/\/noucartallers.es\/ca\/wp-json\/wp\/v2\/posts\/862\/revisions"}],"predecessor-version":[{"id":870,"href":"https:\/\/noucartallers.es\/ca\/wp-json\/wp\/v2\/posts\/862\/revisions\/870"}],"wp:featuredmedia":[{"embeddable":true,"href":"https:\/\/noucartallers.es\/ca\/wp-json\/wp\/v2\/media\/865"}],"wp:attachment":[{"href":"https:\/\/noucartallers.es\/ca\/wp-json\/wp\/v2\/media?parent=862"}],"wp:term":[{"taxonomy":"category","embeddable":true,"href":"https:\/\/noucartallers.es\/ca\/wp-json\/wp\/v2\/categories?post=862"},{"taxonomy":"post_tag","embeddable":true,"href":"https:\/\/noucartallers.es\/ca\/wp-json\/wp\/v2\/tags?post=862"}],"curies":[{"name":"wp","href":"https:\/\/api.w.org\/{rel}","templated":true}]}}